{"id":1427,"date":"2021-04-12T22:18:55","date_gmt":"2021-04-13T01:18:55","guid":{"rendered":"https:\/\/pematematica.com.br\/site\/?p=1427"},"modified":"2021-04-12T22:18:55","modified_gmt":"2021-04-13T01:18:55","slug":"construcao-do-conhecimento-de-medidas-de-tendencia-central-com-alunos-do-ensino-fundamental-reflexoes-sobre-uma-sequencia-didatica","status":"publish","type":"post","link":"https:\/\/pematematica.com.br\/?p=1427","title":{"rendered":"CONSTRU\u00c7\u00c3O DO CONHECIMENTO DE MEDIDAS DE TEND\u00caNCIA CENTRAL COM ALUNOS DO ENSINO FUNDAMENTAL:  REFLEX\u00d5ES SOBRE UMA SEQU\u00caNCIA DID\u00c1TICA"},"content":{"rendered":"","protected":false},"excerpt":{"rendered":"","protected":false},"author":2,"featured_media":1428,"comment_status":"open","ping_status":"open","sticky":false,"template":"","format":"standard","meta":[],"categories":[1],"tags":[],"acf":[],"views":427,"_links":{"self":[{"href":"https:\/\/pematematica.com.br\/index.php?rest_route=\/wp\/v2\/posts\/1427"}],"collection":[{"href":"https:\/\/pematematica.com.br\/index.php?rest_route=\/wp\/v2\/posts"}],"about":[{"href":"https:\/\/pematematica.com.br\/index.php?rest_route=\/wp\/v2\/types\/post"}],"author":[{"embeddable":true,"href":"https:\/\/pematematica.com.br\/index.php?rest_route=\/wp\/v2\/users\/2"}],"replies":[{"embeddable":true,"href":"https:\/\/pematematica.com.br\/index.php?rest_route=%2Fwp%2Fv2%2Fcomments&post=1427"}],"version-history":[{"count":1,"href":"https:\/\/pematematica.com.br\/index.php?rest_route=\/wp\/v2\/posts\/1427\/revisions"}],"predecessor-version":[{"id":1429,"href":"https:\/\/pematematica.com.br\/index.php?rest_route=\/wp\/v2\/posts\/1427\/revisions\/1429"}],"wp:featuredmedia":[{"embeddable":true,"href":"https:\/\/pematematica.com.br\/index.php?rest_route=\/wp\/v2\/media\/1428"}],"wp:attachment":[{"href":"https:\/\/pematematica.com.br\/index.php?rest_route=%2Fwp%2Fv2%2Fmedia&parent=1427"}],"wp:term":[{"taxonomy":"category","embeddable":true,"href":"https:\/\/pematematica.com.br\/index.php?rest_route=%2Fwp%2Fv2%2Fcategories&post=1427"},{"taxonomy":"post_tag","embeddable":true,"href":"https:\/\/pematematica.com.br\/index.php?rest_route=%2Fwp%2Fv2%2Ftags&post=1427"}],"curies":[{"name":"wp","href":"https:\/\/api.w.org\/{rel}","templated":true}]}}