{"id":1525,"date":"2021-04-12T23:36:15","date_gmt":"2021-04-13T02:36:15","guid":{"rendered":"https:\/\/pematematica.com.br\/site\/?p=1525"},"modified":"2021-04-12T23:36:15","modified_gmt":"2021-04-13T02:36:15","slug":"o-ensino-de-area-nos-anos-iniciais-uma-reflexao-a-partir-de-um-estudo-sobre-a-historia-da-educacao-matematica","status":"publish","type":"post","link":"https:\/\/pematematica.com.br\/?p=1525","title":{"rendered":"O ensino de \u00e1rea nos anos iniciais: uma reflex\u00e3o a partir de um estudo  sobre a Hist\u00f3ria da educa\u00e7\u00e3o matem\u00e1tica"},"content":{"rendered":"","protected":false},"excerpt":{"rendered":"","protected":false},"author":2,"featured_media":1526,"comment_status":"open","ping_status":"open","sticky":false,"template":"","format":"standard","meta":[],"categories":[1],"tags":[],"acf":[],"views":420,"_links":{"self":[{"href":"https:\/\/pematematica.com.br\/index.php?rest_route=\/wp\/v2\/posts\/1525"}],"collection":[{"href":"https:\/\/pematematica.com.br\/index.php?rest_route=\/wp\/v2\/posts"}],"about":[{"href":"https:\/\/pematematica.com.br\/index.php?rest_route=\/wp\/v2\/types\/post"}],"author":[{"embeddable":true,"href":"https:\/\/pematematica.com.br\/index.php?rest_route=\/wp\/v2\/users\/2"}],"replies":[{"embeddable":true,"href":"https:\/\/pematematica.com.br\/index.php?rest_route=%2Fwp%2Fv2%2Fcomments&post=1525"}],"version-history":[{"count":1,"href":"https:\/\/pematematica.com.br\/index.php?rest_route=\/wp\/v2\/posts\/1525\/revisions"}],"predecessor-version":[{"id":1527,"href":"https:\/\/pematematica.com.br\/index.php?rest_route=\/wp\/v2\/posts\/1525\/revisions\/1527"}],"wp:featuredmedia":[{"embeddable":true,"href":"https:\/\/pematematica.com.br\/index.php?rest_route=\/wp\/v2\/media\/1526"}],"wp:attachment":[{"href":"https:\/\/pematematica.com.br\/index.php?rest_route=%2Fwp%2Fv2%2Fmedia&parent=1525"}],"wp:term":[{"taxonomy":"category","embeddable":true,"href":"https:\/\/pematematica.com.br\/index.php?rest_route=%2Fwp%2Fv2%2Fcategories&post=1525"},{"taxonomy":"post_tag","embeddable":true,"href":"https:\/\/pematematica.com.br\/index.php?rest_route=%2Fwp%2Fv2%2Ftags&post=1525"}],"curies":[{"name":"wp","href":"https:\/\/api.w.org\/{rel}","templated":true}]}}