{"id":2016,"date":"2021-04-14T17:48:04","date_gmt":"2021-04-14T20:48:04","guid":{"rendered":"https:\/\/pematematica.com.br\/site\/?p=2016"},"modified":"2021-04-14T17:48:04","modified_gmt":"2021-04-14T20:48:04","slug":"problematizando-educacao-matematicas-e-tecnologias-numa-pratica-pedagogica-no-ensino-fundamental","status":"publish","type":"post","link":"https:\/\/pematematica.com.br\/?p=2016","title":{"rendered":"Problematizando Educa\u00e7\u00e3o, Matem\u00e1tica(s) e Tecnologias numa  Pr\u00e1tica Pedag\u00f3gica no Ensino Fundamental"},"content":{"rendered":"","protected":false},"excerpt":{"rendered":"","protected":false},"author":2,"featured_media":2017,"comment_status":"open","ping_status":"open","sticky":false,"template":"","format":"standard","meta":[],"categories":[1],"tags":[],"acf":[],"views":431,"_links":{"self":[{"href":"https:\/\/pematematica.com.br\/index.php?rest_route=\/wp\/v2\/posts\/2016"}],"collection":[{"href":"https:\/\/pematematica.com.br\/index.php?rest_route=\/wp\/v2\/posts"}],"about":[{"href":"https:\/\/pematematica.com.br\/index.php?rest_route=\/wp\/v2\/types\/post"}],"author":[{"embeddable":true,"href":"https:\/\/pematematica.com.br\/index.php?rest_route=\/wp\/v2\/users\/2"}],"replies":[{"embeddable":true,"href":"https:\/\/pematematica.com.br\/index.php?rest_route=%2Fwp%2Fv2%2Fcomments&post=2016"}],"version-history":[{"count":1,"href":"https:\/\/pematematica.com.br\/index.php?rest_route=\/wp\/v2\/posts\/2016\/revisions"}],"predecessor-version":[{"id":2018,"href":"https:\/\/pematematica.com.br\/index.php?rest_route=\/wp\/v2\/posts\/2016\/revisions\/2018"}],"wp:featuredmedia":[{"embeddable":true,"href":"https:\/\/pematematica.com.br\/index.php?rest_route=\/wp\/v2\/media\/2017"}],"wp:attachment":[{"href":"https:\/\/pematematica.com.br\/index.php?rest_route=%2Fwp%2Fv2%2Fmedia&parent=2016"}],"wp:term":[{"taxonomy":"category","embeddable":true,"href":"https:\/\/pematematica.com.br\/index.php?rest_route=%2Fwp%2Fv2%2Fcategories&post=2016"},{"taxonomy":"post_tag","embeddable":true,"href":"https:\/\/pematematica.com.br\/index.php?rest_route=%2Fwp%2Fv2%2Ftags&post=2016"}],"curies":[{"name":"wp","href":"https:\/\/api.w.org\/{rel}","templated":true}]}}