{"id":2210,"date":"2021-04-21T16:30:35","date_gmt":"2021-04-21T19:30:35","guid":{"rendered":"https:\/\/pematematica.com.br\/site\/?p=2210"},"modified":"2021-04-21T16:30:35","modified_gmt":"2021-04-21T19:30:35","slug":"gemath-a-criacao-de-um-grupo-de-estudos-segundo-fundamentos-da-educacao-matematica-critica-uma-proposta-de-educacao-inclusiva","status":"publish","type":"post","link":"https:\/\/pematematica.com.br\/?p=2210","title":{"rendered":"GEMath &#8211; A CRIA\u00c7\u00c3O DE UM GRUPO DE ESTUDOS SEGUNDO FUNDAMENTOS DA EDUCA\u00c7\u00c3O MATEM\u00c1TICA CR\u00cdTICA: UMA PROPOSTA DE EDUCA\u00c7\u00c3O INCLUSIVA"},"content":{"rendered":"","protected":false},"excerpt":{"rendered":"","protected":false},"author":2,"featured_media":2211,"comment_status":"open","ping_status":"open","sticky":false,"template":"","format":"standard","meta":[],"categories":[1],"tags":[],"acf":[],"views":446,"_links":{"self":[{"href":"https:\/\/pematematica.com.br\/index.php?rest_route=\/wp\/v2\/posts\/2210"}],"collection":[{"href":"https:\/\/pematematica.com.br\/index.php?rest_route=\/wp\/v2\/posts"}],"about":[{"href":"https:\/\/pematematica.com.br\/index.php?rest_route=\/wp\/v2\/types\/post"}],"author":[{"embeddable":true,"href":"https:\/\/pematematica.com.br\/index.php?rest_route=\/wp\/v2\/users\/2"}],"replies":[{"embeddable":true,"href":"https:\/\/pematematica.com.br\/index.php?rest_route=%2Fwp%2Fv2%2Fcomments&post=2210"}],"version-history":[{"count":1,"href":"https:\/\/pematematica.com.br\/index.php?rest_route=\/wp\/v2\/posts\/2210\/revisions"}],"predecessor-version":[{"id":2212,"href":"https:\/\/pematematica.com.br\/index.php?rest_route=\/wp\/v2\/posts\/2210\/revisions\/2212"}],"wp:featuredmedia":[{"embeddable":true,"href":"https:\/\/pematematica.com.br\/index.php?rest_route=\/wp\/v2\/media\/2211"}],"wp:attachment":[{"href":"https:\/\/pematematica.com.br\/index.php?rest_route=%2Fwp%2Fv2%2Fmedia&parent=2210"}],"wp:term":[{"taxonomy":"category","embeddable":true,"href":"https:\/\/pematematica.com.br\/index.php?rest_route=%2Fwp%2Fv2%2Fcategories&post=2210"},{"taxonomy":"post_tag","embeddable":true,"href":"https:\/\/pematematica.com.br\/index.php?rest_route=%2Fwp%2Fv2%2Ftags&post=2210"}],"curies":[{"name":"wp","href":"https:\/\/api.w.org\/{rel}","templated":true}]}}