{"id":2264,"date":"2021-04-21T17:45:20","date_gmt":"2021-04-21T20:45:20","guid":{"rendered":"https:\/\/pematematica.com.br\/site\/?p=2264"},"modified":"2021-04-21T17:45:20","modified_gmt":"2021-04-21T20:45:20","slug":"uma-sequencia-didatica-de-medidas-de-comprimento-e-superficie-no-5o-ano-do-ensino-fundamental-um-estudo-de-caso","status":"publish","type":"post","link":"https:\/\/pematematica.com.br\/?p=2264","title":{"rendered":"Uma Sequ\u00eancia Did\u00e1tica de Medidas de Comprimento e Superf\u00edcie no 5o Ano do Ensino Fundamental: Um Estudo de Caso"},"content":{"rendered":"","protected":false},"excerpt":{"rendered":"","protected":false},"author":2,"featured_media":2265,"comment_status":"open","ping_status":"open","sticky":false,"template":"","format":"standard","meta":[],"categories":[1],"tags":[],"acf":[],"views":455,"_links":{"self":[{"href":"https:\/\/pematematica.com.br\/index.php?rest_route=\/wp\/v2\/posts\/2264"}],"collection":[{"href":"https:\/\/pematematica.com.br\/index.php?rest_route=\/wp\/v2\/posts"}],"about":[{"href":"https:\/\/pematematica.com.br\/index.php?rest_route=\/wp\/v2\/types\/post"}],"author":[{"embeddable":true,"href":"https:\/\/pematematica.com.br\/index.php?rest_route=\/wp\/v2\/users\/2"}],"replies":[{"embeddable":true,"href":"https:\/\/pematematica.com.br\/index.php?rest_route=%2Fwp%2Fv2%2Fcomments&post=2264"}],"version-history":[{"count":2,"href":"https:\/\/pematematica.com.br\/index.php?rest_route=\/wp\/v2\/posts\/2264\/revisions"}],"predecessor-version":[{"id":2267,"href":"https:\/\/pematematica.com.br\/index.php?rest_route=\/wp\/v2\/posts\/2264\/revisions\/2267"}],"wp:featuredmedia":[{"embeddable":true,"href":"https:\/\/pematematica.com.br\/index.php?rest_route=\/wp\/v2\/media\/2265"}],"wp:attachment":[{"href":"https:\/\/pematematica.com.br\/index.php?rest_route=%2Fwp%2Fv2%2Fmedia&parent=2264"}],"wp:term":[{"taxonomy":"category","embeddable":true,"href":"https:\/\/pematematica.com.br\/index.php?rest_route=%2Fwp%2Fv2%2Fcategories&post=2264"},{"taxonomy":"post_tag","embeddable":true,"href":"https:\/\/pematematica.com.br\/index.php?rest_route=%2Fwp%2Fv2%2Ftags&post=2264"}],"curies":[{"name":"wp","href":"https:\/\/api.w.org\/{rel}","templated":true}]}}