{"id":2296,"date":"2021-04-21T18:32:19","date_gmt":"2021-04-21T21:32:19","guid":{"rendered":"https:\/\/pematematica.com.br\/site\/?p=2296"},"modified":"2021-04-21T18:32:19","modified_gmt":"2021-04-21T21:32:19","slug":"educacao-especial-oficina-de-capacitacao-para-professores-de-matematica-na-area-da-deficiencia-visual","status":"publish","type":"post","link":"https:\/\/pematematica.com.br\/?p=2296","title":{"rendered":"EDUCA\u00c7\u00c3O ESPECIAL: OFICINA DE CAPACITA\u00c7\u00c3O PARA PROFESSORES DE MATEM\u00c1TICA NA \u00c1REA DA DEFICI\u00caNCIA VISUAL"},"content":{"rendered":"","protected":false},"excerpt":{"rendered":"","protected":false},"author":2,"featured_media":2297,"comment_status":"open","ping_status":"open","sticky":false,"template":"","format":"standard","meta":[],"categories":[1],"tags":[],"acf":[],"views":455,"_links":{"self":[{"href":"https:\/\/pematematica.com.br\/index.php?rest_route=\/wp\/v2\/posts\/2296"}],"collection":[{"href":"https:\/\/pematematica.com.br\/index.php?rest_route=\/wp\/v2\/posts"}],"about":[{"href":"https:\/\/pematematica.com.br\/index.php?rest_route=\/wp\/v2\/types\/post"}],"author":[{"embeddable":true,"href":"https:\/\/pematematica.com.br\/index.php?rest_route=\/wp\/v2\/users\/2"}],"replies":[{"embeddable":true,"href":"https:\/\/pematematica.com.br\/index.php?rest_route=%2Fwp%2Fv2%2Fcomments&post=2296"}],"version-history":[{"count":1,"href":"https:\/\/pematematica.com.br\/index.php?rest_route=\/wp\/v2\/posts\/2296\/revisions"}],"predecessor-version":[{"id":2298,"href":"https:\/\/pematematica.com.br\/index.php?rest_route=\/wp\/v2\/posts\/2296\/revisions\/2298"}],"wp:featuredmedia":[{"embeddable":true,"href":"https:\/\/pematematica.com.br\/index.php?rest_route=\/wp\/v2\/media\/2297"}],"wp:attachment":[{"href":"https:\/\/pematematica.com.br\/index.php?rest_route=%2Fwp%2Fv2%2Fmedia&parent=2296"}],"wp:term":[{"taxonomy":"category","embeddable":true,"href":"https:\/\/pematematica.com.br\/index.php?rest_route=%2Fwp%2Fv2%2Fcategories&post=2296"},{"taxonomy":"post_tag","embeddable":true,"href":"https:\/\/pematematica.com.br\/index.php?rest_route=%2Fwp%2Fv2%2Ftags&post=2296"}],"curies":[{"name":"wp","href":"https:\/\/api.w.org\/{rel}","templated":true}]}}