{"id":2771,"date":"2021-05-03T21:13:16","date_gmt":"2021-05-04T00:13:16","guid":{"rendered":"https:\/\/pematematica.com.br\/site\/?p=2771"},"modified":"2021-05-03T21:13:16","modified_gmt":"2021-05-04T00:13:16","slug":"a-compreensao-da-ideia-do-numero-racional-e-suas-operacoes-na-eja-uma-forma-de-inclusao-em-sala-de-aula","status":"publish","type":"post","link":"https:\/\/pematematica.com.br\/?p=2771","title":{"rendered":"A COMPREENS\u00c3O DA ID\u00c9IA DO N\u00daMERO RACIONAL E SUAS OPERA\u00c7\u00d5ES NA EJA: UMA FORMA DE INCLUS\u00c3O EM SALA DE AULA"},"content":{"rendered":"","protected":false},"excerpt":{"rendered":"","protected":false},"author":2,"featured_media":2772,"comment_status":"open","ping_status":"open","sticky":false,"template":"","format":"standard","meta":[],"categories":[1],"tags":[],"acf":[],"views":440,"_links":{"self":[{"href":"https:\/\/pematematica.com.br\/index.php?rest_route=\/wp\/v2\/posts\/2771"}],"collection":[{"href":"https:\/\/pematematica.com.br\/index.php?rest_route=\/wp\/v2\/posts"}],"about":[{"href":"https:\/\/pematematica.com.br\/index.php?rest_route=\/wp\/v2\/types\/post"}],"author":[{"embeddable":true,"href":"https:\/\/pematematica.com.br\/index.php?rest_route=\/wp\/v2\/users\/2"}],"replies":[{"embeddable":true,"href":"https:\/\/pematematica.com.br\/index.php?rest_route=%2Fwp%2Fv2%2Fcomments&post=2771"}],"version-history":[{"count":1,"href":"https:\/\/pematematica.com.br\/index.php?rest_route=\/wp\/v2\/posts\/2771\/revisions"}],"predecessor-version":[{"id":2773,"href":"https:\/\/pematematica.com.br\/index.php?rest_route=\/wp\/v2\/posts\/2771\/revisions\/2773"}],"wp:featuredmedia":[{"embeddable":true,"href":"https:\/\/pematematica.com.br\/index.php?rest_route=\/wp\/v2\/media\/2772"}],"wp:attachment":[{"href":"https:\/\/pematematica.com.br\/index.php?rest_route=%2Fwp%2Fv2%2Fmedia&parent=2771"}],"wp:term":[{"taxonomy":"category","embeddable":true,"href":"https:\/\/pematematica.com.br\/index.php?rest_route=%2Fwp%2Fv2%2Fcategories&post=2771"},{"taxonomy":"post_tag","embeddable":true,"href":"https:\/\/pematematica.com.br\/index.php?rest_route=%2Fwp%2Fv2%2Ftags&post=2771"}],"curies":[{"name":"wp","href":"https:\/\/api.w.org\/{rel}","templated":true}]}}